{"id":276,"date":"2020-04-01T09:59:07","date_gmt":"2020-04-01T09:59:07","guid":{"rendered":"http:\/\/gigers.com\/blog\/?p=276"},"modified":"2024-06-24T17:33:19","modified_gmt":"2024-06-24T17:33:19","slug":"arbeitsplatz-fuer-den-fernunterricht","status":"publish","type":"post","link":"https:\/\/gigers.com\/blog\/arbeitsplatz-fuer-den-fernunterricht\/","title":{"rendered":"Arbeitsplatz f\u00fcr den Fernunterricht"},"content":{"rendered":"<p>Mit dem Entscheid des Bundesrates vom 13. April, die Schulen ab dem folgenden Montag zu schliessen, mussten wir an unserer Schule den Pr\u00e4senzunterricht \u00fcber das Wochenende und zus\u00e4tzlich dem Montag als gemeinsamer Arbeitstag komplett auf Fernunterricht umstellen, was \u00fcber die n\u00e4chsten zwei Wochen dann auch schrittweise gelang.<\/p>\n<p>Am besagten Arbeitstag stellte sich aber zuerst einmal die Frage, wie der Fernunterricht mit Videokonferenzen technisch umgesetzt werden kann. Da die von der Schule zu Verf\u00fcgung gestellten Ger\u00e4te einen relativ kleinen Bildschirm aufwiesen und bei einem der Ger\u00e4te zudem das Mikrofon nicht richtig funktionierte, sollte zwei Tabletcomputer gleichzeitig zum Einsatz kommen.<\/p>\n<figure id=\"attachment_278\" aria-describedby=\"caption-attachment-278\" style=\"width: 659px\" class=\"wp-caption alignnone\"><img loading=\"lazy\" decoding=\"async\" class=\"size-full wp-image-278\" src=\"https:\/\/gigers.com\/blog\/wp-content\/uploads\/2020\/04\/arbeitsplatz_schule.png\" alt=\"Arbeitsplatz Schule\" width=\"659\" height=\"534\" srcset=\"https:\/\/gigers.com\/blog\/wp-content\/uploads\/2020\/04\/arbeitsplatz_schule.png 659w, https:\/\/gigers.com\/blog\/wp-content\/uploads\/2020\/04\/arbeitsplatz_schule-300x243.png 300w\" sizes=\"auto, (max-width: 659px) 100vw, 659px\" \/><figcaption id=\"caption-attachment-278\" class=\"wp-caption-text\">Die beiden Computer sollen w\u00e4hrend der Videokonferenz verschiedene Aufgaben erf\u00fcllen.<\/figcaption><\/figure>\n<p>Die Idee war, dass auf dem Ger\u00e4t 1 (Acer mit 12&#8243; Bildschirm) die ganze Administration und das Teilen des Desktops durchgef\u00fchrt werden sollte, w\u00e4hrend Ger\u00e4t 2 (Surface 3) f\u00fcr die eigentliche Videokonferenzen diente. Mit Hilfe des aus des aus der Physiksammlung entwendeten St\u00e4nders konnte das Surface auf die richtige H\u00f6he gebracht und ideal ausgerichtet werden. Diese Kombination kam bei der Arbeit mit den Lernenden allerdings nur einmal zum Einsatz, da ab Mittwoch die Verpflichtung in der Schule zu unterrichten durch die Empfehlung ersetzt wurde, wenn m\u00f6glich von zuhause aus zu arbeiten.<\/p>\n<p>F\u00fcr die Arbeit zuhause musste ein neues Konzept her, wobei folgende Punkte wichtig schienen:<\/p>\n<ul>\n<li>Videokonferenzen k\u00f6nnen problemlos und mit einem guten Bild (Beleuchtung!) durchgef\u00fchrt werden.<\/li>\n<li>Gleichzeitig soll es m\u00f6glich sein, im Hintergrund administrative Informationen abzurufen und Aufgabenstellungen anzupassen.<\/li>\n<li>Die ganze Einrichtung soll komplett mit vorhandener Hardware umgesetzt werden, da sie als Provisorium zum Einsatz kommt.<\/li>\n<\/ul>\n<figure id=\"attachment_280\" aria-describedby=\"caption-attachment-280\" style=\"width: 763px\" class=\"wp-caption alignnone\"><img loading=\"lazy\" decoding=\"async\" class=\"size-full wp-image-280\" src=\"https:\/\/gigers.com\/blog\/wp-content\/uploads\/2020\/04\/arbeitsplatz_zuhause.png\" alt=\"Arbeitsplatz zuhause\" width=\"763\" height=\"637\" srcset=\"https:\/\/gigers.com\/blog\/wp-content\/uploads\/2020\/04\/arbeitsplatz_zuhause.png 763w, https:\/\/gigers.com\/blog\/wp-content\/uploads\/2020\/04\/arbeitsplatz_zuhause-300x250.png 300w\" sizes=\"auto, (max-width: 706px) 89vw, (max-width: 767px) 82vw, 740px\" \/><figcaption id=\"caption-attachment-280\" class=\"wp-caption-text\">Vorhandene Materialien dienen zur Einrichtung des Arbeitsplatzes f\u00fcr die Videokonferenzen.<\/figcaption><\/figure>\n<p>Der abgebildete Aufbau hat sich in den letzten beiden Wochen im t\u00e4glichen Einsatz bew\u00e4hrt. Die Videokonferenzen erfolgen \u00fcber das Ger\u00e4t 1 (Surface 4 Pro) und die administrativen Informationen werden \u00fcber das Ger\u00e4t 2 (g\u00fcnstiges Acer-Notebook) abgerufen. Als Beleuchtung dient eine Leuchtstoffr\u00f6hre, die so hoch platziert ist, dass es w\u00e4hrend der Arbeit zu keinem Blendeffekt kommt. Durch das indirekte Licht wird das eigene Bild bei Videokonferenzen gut ausgeleuchtet.<\/p>\n<p>Ausserdem waren bisher noch Papierlisten f\u00fcr die Anwesenheitskontrolle im Einsatz. Diese sollen \u00fcber die Fr\u00fchlingsferien aber durch eine elektronische Version ersetzt werden. Bew\u00e4hrt haben sich hingegen kleine Post-it Zettelchen f\u00fcr schnelle Notizen w\u00e4hrend der Videokonferenz. Diese k\u00f6nnen langfristig dann auch an die als Lichthalter verwendete Kartonschachtel geklebt werden.<\/p>\n<p>Maus und Headset h\u00e4ngen an einem USB-Hub, damit diese schnell an ein anderes Ger\u00e4t angeschlossen werden k\u00f6nnen. Gebraucht wird das Headset beispielsweise auch f\u00fcr die Produktion von kleinen Lernvideos (meist mit PowerPoint), welche aber an einem leistungsf\u00e4higeren Ger\u00e4t erstellt werden.<\/p>\n<p>Bei den Sch\u00fclerinnen und Sch\u00fcler, welche in der Regel ohne eingeschaltete Kamera an den Videokonferenzen teilnehmen, kommen h\u00e4ufig zeitgleich das Smartphone (f\u00fcr die Konferenz) und der Tabletcomputer (f\u00fcr Arbeiten) zum Einsatz. Insbesondere bei den Knaben ist dies eine Kombination, welche viele schon von den gemeinsamen durchgef\u00fchrten Computerspielen her kennen.<\/p>\n","protected":false},"excerpt":{"rendered":"<p>Mit dem Entscheid des Bundesrates vom 13. April, die Schulen ab dem folgenden Montag zu schliessen, mussten wir an unserer Schule den Pr\u00e4senzunterricht \u00fcber das Wochenende und zus\u00e4tzlich dem Montag als gemeinsamer Arbeitstag komplett auf Fernunterricht umstellen, was \u00fcber die n\u00e4chsten zwei Wochen dann auch schrittweise gelang. Am besagten Arbeitstag stellte sich aber zuerst einmal &hellip; <\/p>\n<p class=\"link-more\"><a href=\"https:\/\/gigers.com\/blog\/arbeitsplatz-fuer-den-fernunterricht\/\" class=\"more-link\"><span class=\"screen-reader-text\">\u201eArbeitsplatz f\u00fcr den Fernunterricht\u201c <\/span>weiterlesen<\/a><\/p>\n","protected":false},"author":1,"featured_media":0,"comment_status":"closed","ping_status":"closed","sticky":false,"template":"","format":"standard","meta":{"footnotes":""},"categories":[1],"tags":[],"class_list":["post-276","post","type-post","status-publish","format-standard","hentry","category-uncategorized"],"_links":{"self":[{"href":"https:\/\/gigers.com\/blog\/wp-json\/wp\/v2\/posts\/276","targetHints":{"allow":["GET"]}}],"collection":[{"href":"https:\/\/gigers.com\/blog\/wp-json\/wp\/v2\/posts"}],"about":[{"href":"https:\/\/gigers.com\/blog\/wp-json\/wp\/v2\/types\/post"}],"author":[{"embeddable":true,"href":"https:\/\/gigers.com\/blog\/wp-json\/wp\/v2\/users\/1"}],"replies":[{"embeddable":true,"href":"https:\/\/gigers.com\/blog\/wp-json\/wp\/v2\/comments?post=276"}],"version-history":[{"count":3,"href":"https:\/\/gigers.com\/blog\/wp-json\/wp\/v2\/posts\/276\/revisions"}],"predecessor-version":[{"id":282,"href":"https:\/\/gigers.com\/blog\/wp-json\/wp\/v2\/posts\/276\/revisions\/282"}],"wp:attachment":[{"href":"https:\/\/gigers.com\/blog\/wp-json\/wp\/v2\/media?parent=276"}],"wp:term":[{"taxonomy":"category","embeddable":true,"href":"https:\/\/gigers.com\/blog\/wp-json\/wp\/v2\/categories?post=276"},{"taxonomy":"post_tag","embeddable":true,"href":"https:\/\/gigers.com\/blog\/wp-json\/wp\/v2\/tags?post=276"}],"curies":[{"name":"wp","href":"https:\/\/api.w.org\/{rel}","templated":true}]}}