{"id":265,"date":"2019-11-03T19:21:25","date_gmt":"2019-11-03T19:21:25","guid":{"rendered":"http:\/\/gigers.com\/blog\/?p=265"},"modified":"2024-06-24T17:33:19","modified_gmt":"2024-06-24T17:33:19","slug":"ethik-religion-gemeinschaft-kommentare-bei-youtube","status":"publish","type":"post","link":"https:\/\/gigers.com\/blog\/ethik-religion-gemeinschaft-kommentare-bei-youtube\/","title":{"rendered":"Ethik, Religion, Gemeinschaft: Kommentare bei YouTube"},"content":{"rendered":"<p>Online-Zeitungen, soziale Netzwerke und Plattformen wie YouTube erlauben es den Nutzerinnen und Nutzern, Inhalte zu ver\u00f6ffentlichen und diese zu kommentieren. Dabei halten sich nicht alle an die Grundregeln des Anstands: Sie verurteilen andere und versuchen diese zu dem\u00fctigen oder zu entmenschlichen. Wie dieser Missbrauch der freien Meinungs\u00e4usserung im Unterricht thematisiert werden kann, zeigt eine Lektionsbeschreibung zu YouTube-Kommentare \u00fcber Greta Thunberg.<\/p>\n<p>Dazu schauten sich die Sch\u00fclerinnen und Sch\u00fcler ein auf YouTube ver\u00f6ffentlichtes Nachrichtenvideo der ARD Tagesschau an:<\/p>\n<p><iframe loading=\"lazy\" title=\"Greta Thunberg spricht beim Jugendklimagipfel in New York\" width=\"525\" height=\"295\" src=\"https:\/\/www.youtube.com\/embed\/uhK6v5P_0fc?feature=oembed\" frameborder=\"0\" allow=\"accelerometer; autoplay; clipboard-write; encrypted-media; gyroscope; picture-in-picture; web-share\" referrerpolicy=\"strict-origin-when-cross-origin\" allowfullscreen><\/iframe><\/p>\n<p>Im Anschluss f\u00fcllten sie einen Fragebogen aus, bei dem sie zu verschiedenen Aussagen Stellung nehmen mussten.<\/p>\n<figure id=\"attachment_267\" aria-describedby=\"caption-attachment-267\" style=\"width: 763px\" class=\"wp-caption alignnone\"><img loading=\"lazy\" decoding=\"async\" class=\"size-full wp-image-267\" src=\"https:\/\/gigers.com\/blog\/wp-content\/uploads\/2019\/11\/umfrage.png\" alt=\"\" width=\"763\" height=\"909\" srcset=\"https:\/\/gigers.com\/blog\/wp-content\/uploads\/2019\/11\/umfrage.png 763w, https:\/\/gigers.com\/blog\/wp-content\/uploads\/2019\/11\/umfrage-252x300.png 252w\" sizes=\"auto, (max-width: 706px) 89vw, (max-width: 767px) 82vw, 740px\" \/><figcaption id=\"caption-attachment-267\" class=\"wp-caption-text\">Je h\u00f6her die Werte ausfallen, desto eher sind die Sch\u00fclerinnen und Sch\u00fcler der Meinung, dass eine gemachte Aussage zutrifft.<\/figcaption><\/figure>\n<p>Die Ergebnisse zeigen, dass die Sch\u00fcler das Video f\u00fcr vertrauensw\u00fcrdig halten, sie der Klimawandel besch\u00e4ftigt und ihnen respektvolles Verhalten anderen gegen\u00fcber wichtig ist. Kritischer sch\u00e4tzen sie die Person von Greta Thunberg ein und die Bewegung &#8222;Fridays for Future&#8220; ein, w\u00e4hrend sie davon ausgehen, dass der Klimawandel f\u00fcr Erwachsene nicht die gleich hohe Priorit\u00e4t hat wie f\u00fcr Jugendliche.<\/p>\n<p>In der Umfrage konnten sich die Sch\u00fclerinnen und Sch\u00fcler auch frei \u00fcber Greta Thunberg \u00e4ussern. Einige Kommentare sollen dies verdeutlichen.<\/p>\n<blockquote><p>&#8222;Ich finde sie sieht sehr selbstbewusst aus. Sie sieht sympathisch aus und sie sieht j\u00fcnger aus als sie ist. Ich glaube sie setzt sich sehr f\u00fcr das was sie macht ein und sie verbringt viel Zeit damit, dar\u00fcber nachzudenken.&#8220;<\/p>\n<p>&#8222;Greta sieht in meinen Augen recht jung aus, doch vom Verhalten w\u00fcrde ich sie \u00e4lter sch\u00e4tzen. Mich pers\u00f6nlich interessiert es nicht, was sie macht.&#8220;<\/p><\/blockquote>\n<p>Im Anschluss hatten die Sch\u00fclerinnen und Sch\u00fcler Gelegenheit, die in einem PDF zusammengefassten Kommentare unter dem YouTube-Video zu studieren. Da das Dokument rund 200 Seiten umfasste, beschr\u00e4nkten sie sich jeweils auf Teilaspekte:<\/p>\n<ul>\n<li>Im einfachsten Falle lassen sie einfach einen Ausschnitt des Dokuments, d.h. beschr\u00e4nkten sich auf wenige Seiten.<\/li>\n<li>Andere benutzten die Suchfunktion des PDF-Betrachters um gezielt nach Begriffen zu suchen.<\/li>\n<li>Einige konzentrierten sich darauf, die Anzahl der Kommentare durch individuelle Nutzer zu z\u00e4hlen.<\/li>\n<\/ul>\n<p>Den Sch\u00fclerinnen und Sch\u00fclern wurde schnell klar, dass das Video nicht nur wohlwollend kommentiert wurde, was sie teilweise stark irritierte.<\/p>\n<p>Nach dem Studium der Kommentare beantworteten die Sch\u00fclerinnen und Sch\u00fcler eine zweite Umfrage. Dabei nahmen sie noch einmal zu den schon in der ersten Umfrage vorgegebenen Aussagen Stellung. W\u00e4hrend die meisten Aussagen stabil bewertet wurden, kam es aber auch zu einigen interessanten Abweichungen:<\/p>\n<figure id=\"attachment_268\" aria-describedby=\"caption-attachment-268\" style=\"width: 769px\" class=\"wp-caption alignnone\"><img loading=\"lazy\" decoding=\"async\" class=\"size-full wp-image-268\" src=\"https:\/\/gigers.com\/blog\/wp-content\/uploads\/2019\/11\/umfrage2.png\" alt=\"\" width=\"769\" height=\"910\" srcset=\"https:\/\/gigers.com\/blog\/wp-content\/uploads\/2019\/11\/umfrage2.png 769w, https:\/\/gigers.com\/blog\/wp-content\/uploads\/2019\/11\/umfrage2-254x300.png 254w, https:\/\/gigers.com\/blog\/wp-content\/uploads\/2019\/11\/umfrage2-768x909.png 768w\" sizes=\"auto, (max-width: 767px) 89vw, (max-width: 1000px) 54vw, (max-width: 1071px) 543px, 580px\" \/><figcaption id=\"caption-attachment-268\" class=\"wp-caption-text\">In der zweiten Umfrage nahmen die Sch\u00fclerinnen und Sch\u00fcler noch einmal zu den gleichen Aussagen Stellung.<\/figcaption><\/figure>\n<p>Am auffallendsten ist sicherlich, dass die Sympathie f\u00fcr Greta Thunberg im Vergleich zur ersten Umfrage abnahm, was darauf hindeutet, dass Hasskommentare durchaus Wirkung erzielen k\u00f6nnen. Auch die Einsch\u00e4tzung dar\u00fcber, wie andere Greta Thunberg einsch\u00e4tzten, wies gegen\u00fcber der ersten Umfrage eine negativere Tendenz aus. Die Haltung der Erwachsenen gegen\u00fcber dem Klimawandel wurde ebenfalls weniger positiv eingesch\u00e4tzt und die Bereitschaft an einer entsprechenden Demonstration teilzunehmen, nahm ab.<\/p>\n<p>Ausserdem \u00e4ussersten sich die Sch\u00fclerinnen und Sch\u00fcler frei dar\u00fcber, was sie von den Kommentaren unter dem YouTube-Video hielten.<\/p>\n<blockquote><p>Ich denke viele Menschen haben das Bed\u00fcrfnis, andere Leute runter zu machen. Die Sache ist nur, dass ihnen das \u00fcberhaupt nichts bringt und einfach respektlos ist. Solche Kommentare sollte man lassen oder neutral schreiben.<\/p>\n<p>Weshalb manche Leute beleidigende Dinge schreiben, ist f\u00fcr mich nicht nachvollziehbar.<\/p><\/blockquote>\n<p>Dieses Muster zog sich durch alle Kommentare, unabh\u00e4ngig davon, wie wichtig den einzelnen Sch\u00fclerinnen und Sch\u00fcler das Thema Klimawandel oder wie sympathisch ihnen die Greta Thunberg als Person ist. Auf Unverst\u00e4ndnis stiess bei vielen auch der Aufwand, den Einzelpersonen offensichtlich betreiben, um Kommentare zu verfassen.<\/p>\n<p>Zusammenfassend kann man festhalten, dass die Sch\u00fcler sich motiviert mit der Thematik &#8222;Kommentare bei YouTube&#8220; auseinandersetzten, dabei aber unterschiedliche Ans\u00e4tze zum Durchforsten der Kommentare verwendeten. In Bezug auf negative Kommentare waren sich aber alle einig, dass man solche besser unterl\u00e4sst. Wenn also Themen wie Hass im Internet zunehmend im Unterricht thematisiert werden, sollte man sich dabei kritisch fragen, ob damit nicht ein Problem angesprochen wird, welches die aktuelle Generation der Jugendlichen zumindest im vermuteten Ausmasse gar nicht (mehr) hat.<\/p>\n<h3>Weiterf\u00fchrende Unterlagen<\/h3>\n<p>Kurs der European Schoolnet Academy: Hacking Hate, <a href=\"https:\/\/www.europeanschoolnetacademy.eu\/courses\/course-v1:SELMA+Hacking_Hate+2019\/about\" target=\"_blank\" rel=\"noopener noreferrer\">https:\/\/www.europeanschoolnetacademy.eu\/courses\/course-v1:SELMA+Hacking_Hate+2019\/about<\/a><\/p>\n","protected":false},"excerpt":{"rendered":"<p>Online-Zeitungen, soziale Netzwerke und Plattformen wie YouTube erlauben es den Nutzerinnen und Nutzern, Inhalte zu ver\u00f6ffentlichen und diese zu kommentieren. Dabei halten sich nicht alle an die Grundregeln des Anstands: Sie verurteilen andere und versuchen diese zu dem\u00fctigen oder zu entmenschlichen. Wie dieser Missbrauch der freien Meinungs\u00e4usserung im Unterricht thematisiert werden kann, zeigt eine Lektionsbeschreibung &hellip; <\/p>\n<p class=\"link-more\"><a href=\"https:\/\/gigers.com\/blog\/ethik-religion-gemeinschaft-kommentare-bei-youtube\/\" class=\"more-link\"><span class=\"screen-reader-text\">\u201eEthik, Religion, Gemeinschaft: Kommentare bei YouTube\u201c <\/span>weiterlesen<\/a><\/p>\n","protected":false},"author":1,"featured_media":0,"comment_status":"closed","ping_status":"closed","sticky":false,"template":"","format":"standard","meta":{"footnotes":""},"categories":[1],"tags":[],"class_list":["post-265","post","type-post","status-publish","format-standard","hentry","category-uncategorized"],"_links":{"self":[{"href":"https:\/\/gigers.com\/blog\/wp-json\/wp\/v2\/posts\/265","targetHints":{"allow":["GET"]}}],"collection":[{"href":"https:\/\/gigers.com\/blog\/wp-json\/wp\/v2\/posts"}],"about":[{"href":"https:\/\/gigers.com\/blog\/wp-json\/wp\/v2\/types\/post"}],"author":[{"embeddable":true,"href":"https:\/\/gigers.com\/blog\/wp-json\/wp\/v2\/users\/1"}],"replies":[{"embeddable":true,"href":"https:\/\/gigers.com\/blog\/wp-json\/wp\/v2\/comments?post=265"}],"version-history":[{"count":2,"href":"https:\/\/gigers.com\/blog\/wp-json\/wp\/v2\/posts\/265\/revisions"}],"predecessor-version":[{"id":269,"href":"https:\/\/gigers.com\/blog\/wp-json\/wp\/v2\/posts\/265\/revisions\/269"}],"wp:attachment":[{"href":"https:\/\/gigers.com\/blog\/wp-json\/wp\/v2\/media?parent=265"}],"wp:term":[{"taxonomy":"category","embeddable":true,"href":"https:\/\/gigers.com\/blog\/wp-json\/wp\/v2\/categories?post=265"},{"taxonomy":"post_tag","embeddable":true,"href":"https:\/\/gigers.com\/blog\/wp-json\/wp\/v2\/tags?post=265"}],"curies":[{"name":"wp","href":"https:\/\/api.w.org\/{rel}","templated":true}]}}